{"id":3718,"date":"2026-03-12T18:56:22","date_gmt":"2026-03-12T18:56:22","guid":{"rendered":"https:\/\/orientados.co\/?p=3718"},"modified":"2026-03-12T18:56:35","modified_gmt":"2026-03-12T18:56:35","slug":"en-las-elecciones-parlamentarias-el-concejal-oscar-johao-garcia-volvio-a-demostrar-su-peso-politico-en-rionegro","status":"publish","type":"post","link":"https:\/\/orientados.co\/index.php\/2026\/03\/12\/en-las-elecciones-parlamentarias-el-concejal-oscar-johao-garcia-volvio-a-demostrar-su-peso-politico-en-rionegro\/","title":{"rendered":"En las elecciones parlamentarias, el concejal \u00d3scar Johao Garc\u00eda volvi\u00f3 a demostrar su peso pol\u00edtico en Rionegro"},"content":{"rendered":"\n<p>El concejal de <strong>Rionegro<\/strong>, <strong>\u00d3scar Johao Garc\u00eda<\/strong>, se consolida como una de las figuras pol\u00edticas con mayor capacidad de movilizaci\u00f3n electoral en el municipio, tras los resultados obtenidos por el <strong>Centro Democr\u00e1tico<\/strong> en las recientes elecciones parlamentarias.<\/p>\n\n\n\n<p>Las cifras hablan por s\u00ed solas. Para la <strong>C\u00e1mara de Representantes<\/strong>, la colectividad alcanz\u00f3 <strong>30.400 votos en Rionegro<\/strong>, de los cuales <strong>13.100 respaldaron la candidatura de Gregorio Orjuela<\/strong>. Por su parte, en la contienda para el <strong>Senado de la Rep\u00fablica<\/strong>, el partido logr\u00f3 <strong>33.132 votos<\/strong>, una votaci\u00f3n que tambi\u00e9n contribuy\u00f3 al crecimiento pol\u00edtico de <strong>Esteban Quintero Cardona<\/strong>.<\/p>\n\n\n\n<figure class=\"wp-block-gallery has-nested-images columns-default is-cropped wp-block-gallery-1 is-layout-flex wp-block-gallery-is-layout-flex\">\n<figure class=\"wp-block-image size-large\"><img loading=\"lazy\" decoding=\"async\" width=\"1024\" height=\"683\" data-id=\"3728\" src=\"https:\/\/orientados.co\/wp-content\/uploads\/2026\/03\/WhatsApp-Image-2026-03-12-at-1.51.32-PM-1024x683.jpeg\" alt=\"\" class=\"wp-image-3728\" srcset=\"https:\/\/orientados.co\/wp-content\/uploads\/2026\/03\/WhatsApp-Image-2026-03-12-at-1.51.32-PM-1024x683.jpeg 1024w, https:\/\/orientados.co\/wp-content\/uploads\/2026\/03\/WhatsApp-Image-2026-03-12-at-1.51.32-PM-300x200.jpeg 300w, https:\/\/orientados.co\/wp-content\/uploads\/2026\/03\/WhatsApp-Image-2026-03-12-at-1.51.32-PM-768x512.jpeg 768w, https:\/\/orientados.co\/wp-content\/uploads\/2026\/03\/WhatsApp-Image-2026-03-12-at-1.51.32-PM.jpeg 1280w\" sizes=\"auto, (max-width: 1024px) 100vw, 1024px\" \/><\/figure>\n\n\n\n<figure class=\"wp-block-image size-large\"><img loading=\"lazy\" decoding=\"async\" width=\"1024\" height=\"683\" data-id=\"3724\" src=\"http:\/\/orientados.co\/wp-content\/uploads\/2026\/03\/WhatsApp-Image-2026-03-12-at-1.51.42-PM-1024x683.jpeg\" alt=\"\" class=\"wp-image-3724\" srcset=\"https:\/\/orientados.co\/wp-content\/uploads\/2026\/03\/WhatsApp-Image-2026-03-12-at-1.51.42-PM-1024x683.jpeg 1024w, https:\/\/orientados.co\/wp-content\/uploads\/2026\/03\/WhatsApp-Image-2026-03-12-at-1.51.42-PM-300x200.jpeg 300w, https:\/\/orientados.co\/wp-content\/uploads\/2026\/03\/WhatsApp-Image-2026-03-12-at-1.51.42-PM-768x512.jpeg 768w, https:\/\/orientados.co\/wp-content\/uploads\/2026\/03\/WhatsApp-Image-2026-03-12-at-1.51.42-PM.jpeg 1280w\" sizes=\"auto, (max-width: 1024px) 100vw, 1024px\" \/><\/figure>\n\n\n\n<figure class=\"wp-block-image size-large\"><img loading=\"lazy\" decoding=\"async\" width=\"1024\" height=\"683\" data-id=\"3726\" src=\"https:\/\/orientados.co\/wp-content\/uploads\/2026\/03\/WhatsApp-Image-2026-03-12-at-1.51.34-PM-1024x683.jpeg\" alt=\"\" class=\"wp-image-3726\" srcset=\"https:\/\/orientados.co\/wp-content\/uploads\/2026\/03\/WhatsApp-Image-2026-03-12-at-1.51.34-PM-1024x683.jpeg 1024w, https:\/\/orientados.co\/wp-content\/uploads\/2026\/03\/WhatsApp-Image-2026-03-12-at-1.51.34-PM-300x200.jpeg 300w, https:\/\/orientados.co\/wp-content\/uploads\/2026\/03\/WhatsApp-Image-2026-03-12-at-1.51.34-PM-768x512.jpeg 768w, https:\/\/orientados.co\/wp-content\/uploads\/2026\/03\/WhatsApp-Image-2026-03-12-at-1.51.34-PM.jpeg 1280w\" sizes=\"auto, (max-width: 1024px) 100vw, 1024px\" \/><\/figure>\n\n\n\n<figure class=\"wp-block-image size-large\"><img loading=\"lazy\" decoding=\"async\" width=\"1024\" height=\"683\" data-id=\"3727\" src=\"https:\/\/orientados.co\/wp-content\/uploads\/2026\/03\/WhatsApp-Image-2026-03-12-at-1.51.33-PM-1024x683.jpeg\" alt=\"\" class=\"wp-image-3727\" srcset=\"https:\/\/orientados.co\/wp-content\/uploads\/2026\/03\/WhatsApp-Image-2026-03-12-at-1.51.33-PM-1024x683.jpeg 1024w, https:\/\/orientados.co\/wp-content\/uploads\/2026\/03\/WhatsApp-Image-2026-03-12-at-1.51.33-PM-300x200.jpeg 300w, https:\/\/orientados.co\/wp-content\/uploads\/2026\/03\/WhatsApp-Image-2026-03-12-at-1.51.33-PM-768x512.jpeg 768w, https:\/\/orientados.co\/wp-content\/uploads\/2026\/03\/WhatsApp-Image-2026-03-12-at-1.51.33-PM.jpeg 1280w\" sizes=\"auto, (max-width: 1024px) 100vw, 1024px\" \/><\/figure>\n<\/figure>\n\n\n\n<p>Detr\u00e1s de estos resultados hay un trabajo pol\u00edtico constante en barrios, veredas y sectores sociales del municipio, donde \u00d3scar Johao Garc\u00eda ha venido consolidando liderazgo, cercan\u00eda con la comunidad y una estructura electoral que hoy muestra resultados concretos en las urnas.<\/p>\n\n\n\n<p>Analistas locales coinciden en que este desempe\u00f1o electoral no solo fortalece al Centro Democr\u00e1tico en Rionegro, sino que tambi\u00e9n posiciona al concejal como una de las figuras con mayor proyecci\u00f3n dentro del panorama pol\u00edtico municipal.<\/p>\n\n\n\n<figure class=\"wp-block-gallery has-nested-images columns-default is-cropped wp-block-gallery-2 is-layout-flex wp-block-gallery-is-layout-flex\">\n<figure class=\"wp-block-image size-large\"><img loading=\"lazy\" decoding=\"async\" width=\"1024\" height=\"683\" data-id=\"3724\" src=\"https:\/\/orientados.co\/wp-content\/uploads\/2026\/03\/WhatsApp-Image-2026-03-12-at-1.51.42-PM-1024x683.jpeg\" alt=\"\" class=\"wp-image-3724\" srcset=\"https:\/\/orientados.co\/wp-content\/uploads\/2026\/03\/WhatsApp-Image-2026-03-12-at-1.51.42-PM-1024x683.jpeg 1024w, https:\/\/orientados.co\/wp-content\/uploads\/2026\/03\/WhatsApp-Image-2026-03-12-at-1.51.42-PM-300x200.jpeg 300w, https:\/\/orientados.co\/wp-content\/uploads\/2026\/03\/WhatsApp-Image-2026-03-12-at-1.51.42-PM-768x512.jpeg 768w, https:\/\/orientados.co\/wp-content\/uploads\/2026\/03\/WhatsApp-Image-2026-03-12-at-1.51.42-PM.jpeg 1280w\" sizes=\"auto, (max-width: 1024px) 100vw, 1024px\" \/><\/figure>\n\n\n\n<figure class=\"wp-block-image size-large\"><img loading=\"lazy\" decoding=\"async\" width=\"1024\" height=\"768\" data-id=\"3722\" src=\"https:\/\/orientados.co\/wp-content\/uploads\/2026\/03\/WhatsApp-Image-2026-03-12-at-1.51.45-PM-1024x768.jpeg\" alt=\"\" class=\"wp-image-3722\" srcset=\"https:\/\/orientados.co\/wp-content\/uploads\/2026\/03\/WhatsApp-Image-2026-03-12-at-1.51.45-PM-1024x768.jpeg 1024w, https:\/\/orientados.co\/wp-content\/uploads\/2026\/03\/WhatsApp-Image-2026-03-12-at-1.51.45-PM-300x225.jpeg 300w, https:\/\/orientados.co\/wp-content\/uploads\/2026\/03\/WhatsApp-Image-2026-03-12-at-1.51.45-PM-768x576.jpeg 768w, https:\/\/orientados.co\/wp-content\/uploads\/2026\/03\/WhatsApp-Image-2026-03-12-at-1.51.45-PM.jpeg 1280w\" sizes=\"auto, (max-width: 1024px) 100vw, 1024px\" \/><\/figure>\n\n\n\n<figure class=\"wp-block-image size-large\"><img loading=\"lazy\" decoding=\"async\" width=\"1024\" height=\"768\" data-id=\"3719\" src=\"https:\/\/orientados.co\/wp-content\/uploads\/2026\/03\/WhatsApp-Image-2026-03-12-at-1.53.21-PM-1024x768.jpeg\" alt=\"\" class=\"wp-image-3719\" srcset=\"https:\/\/orientados.co\/wp-content\/uploads\/2026\/03\/WhatsApp-Image-2026-03-12-at-1.53.21-PM-1024x768.jpeg 1024w, https:\/\/orientados.co\/wp-content\/uploads\/2026\/03\/WhatsApp-Image-2026-03-12-at-1.53.21-PM-300x225.jpeg 300w, https:\/\/orientados.co\/wp-content\/uploads\/2026\/03\/WhatsApp-Image-2026-03-12-at-1.53.21-PM-768x576.jpeg 768w, https:\/\/orientados.co\/wp-content\/uploads\/2026\/03\/WhatsApp-Image-2026-03-12-at-1.53.21-PM.jpeg 1280w\" sizes=\"auto, (max-width: 1024px) 100vw, 1024px\" \/><\/figure>\n\n\n\n<figure class=\"wp-block-image size-large\"><img loading=\"lazy\" decoding=\"async\" width=\"1024\" height=\"576\" data-id=\"3721\" src=\"https:\/\/orientados.co\/wp-content\/uploads\/2026\/03\/WhatsApp-Image-2026-03-12-at-1.53.18-PM-1024x576.jpeg\" alt=\"\" class=\"wp-image-3721\" srcset=\"https:\/\/orientados.co\/wp-content\/uploads\/2026\/03\/WhatsApp-Image-2026-03-12-at-1.53.18-PM-1024x576.jpeg 1024w, https:\/\/orientados.co\/wp-content\/uploads\/2026\/03\/WhatsApp-Image-2026-03-12-at-1.53.18-PM-300x169.jpeg 300w, https:\/\/orientados.co\/wp-content\/uploads\/2026\/03\/WhatsApp-Image-2026-03-12-at-1.53.18-PM-768x432.jpeg 768w, https:\/\/orientados.co\/wp-content\/uploads\/2026\/03\/WhatsApp-Image-2026-03-12-at-1.53.18-PM.jpeg 1280w\" sizes=\"auto, (max-width: 1024px) 100vw, 1024px\" \/><\/figure>\n<\/figure>\n\n\n\n<p>Aunque el escenario electoral local a\u00fan est\u00e1 en construcci\u00f3n, los n\u00fameros y el trabajo territorial empiezan a perfilar a \u00d3scar Johao Garc\u00eda como un nombre que podr\u00eda jugar un papel clave en las pr\u00f3ximas decisiones pol\u00edticas de la ciudad.<\/p>\n","protected":false},"excerpt":{"rendered":"<p>El concejal de Rionegro, \u00d3scar Johao Garc\u00eda, se consolida como una de las figuras pol\u00edticas con mayor capacidad de movilizaci\u00f3n electoral en el municipio, tras los resultados obtenidos por el&hellip; <\/p>\n","protected":false},"author":1,"featured_media":3725,"comment_status":"open","ping_status":"closed","sticky":false,"template":"","format":"standard","meta":{"om_disable_all_campaigns":false,"_mi_skip_tracking":false,"footnotes":""},"categories":[1],"tags":[13,255,60,3],"class_list":["post-3718","post","type-post","status-publish","format-standard","has-post-thumbnail","hentry","category-sin-categoria","tag-antioquia","tag-johao","tag-oriente-antioqueno","tag-rionegro"],"_links":{"self":[{"href":"https:\/\/orientados.co\/index.php\/wp-json\/wp\/v2\/posts\/3718","targetHints":{"allow":["GET"]}}],"collection":[{"href":"https:\/\/orientados.co\/index.php\/wp-json\/wp\/v2\/posts"}],"about":[{"href":"https:\/\/orientados.co\/index.php\/wp-json\/wp\/v2\/types\/post"}],"author":[{"embeddable":true,"href":"https:\/\/orientados.co\/index.php\/wp-json\/wp\/v2\/users\/1"}],"replies":[{"embeddable":true,"href":"https:\/\/orientados.co\/index.php\/wp-json\/wp\/v2\/comments?post=3718"}],"version-history":[{"count":1,"href":"https:\/\/orientados.co\/index.php\/wp-json\/wp\/v2\/posts\/3718\/revisions"}],"predecessor-version":[{"id":3729,"href":"https:\/\/orientados.co\/index.php\/wp-json\/wp\/v2\/posts\/3718\/revisions\/3729"}],"wp:featuredmedia":[{"embeddable":true,"href":"https:\/\/orientados.co\/index.php\/wp-json\/wp\/v2\/media\/3725"}],"wp:attachment":[{"href":"https:\/\/orientados.co\/index.php\/wp-json\/wp\/v2\/media?parent=3718"}],"wp:term":[{"taxonomy":"category","embeddable":true,"href":"https:\/\/orientados.co\/index.php\/wp-json\/wp\/v2\/categories?post=3718"},{"taxonomy":"post_tag","embeddable":true,"href":"https:\/\/orientados.co\/index.php\/wp-json\/wp\/v2\/tags?post=3718"}],"curies":[{"name":"wp","href":"https:\/\/api.w.org\/{rel}","templated":true}]}}