{"id":3730,"date":"2026-03-15T16:48:36","date_gmt":"2026-03-15T16:48:36","guid":{"rendered":"https:\/\/orientados.co\/?p=3730"},"modified":"2026-03-16T16:49:03","modified_gmt":"2026-03-16T16:49:03","slug":"socializan-iniciativa-para-crear-ecoparque-ambiental-educativo-en-el-humedal-abreo-malpaso-de-rionegro","status":"publish","type":"post","link":"https:\/\/orientados.co\/index.php\/2026\/03\/15\/socializan-iniciativa-para-crear-ecoparque-ambiental-educativo-en-el-humedal-abreo-malpaso-de-rionegro\/","title":{"rendered":"Socializan iniciativa para crear Ecoparque Ambiental Educativo en el Humedal Abreo Malpaso de Rionegro"},"content":{"rendered":"\n<p><\/p>\n\n\n\n<p>En un espacio de di\u00e1logo entre comunidad, academia e institucionalidad, el Concejo Municipal de Rionegro fue escenario de la socializaci\u00f3n de la iniciativa Ecoparque Ambiental Educativo Humedal Abreo Malpaso, un proyecto que busca fortalecer la protecci\u00f3n de este importante ecosistema del municipio.<\/p>\n\n\n\n<figure class=\"wp-block-image size-large\"><img loading=\"lazy\" decoding=\"async\" width=\"1024\" height=\"685\" src=\"http:\/\/orientados.co\/wp-content\/uploads\/2026\/03\/image-2-1024x685.png\" alt=\"\" class=\"wp-image-3733\" srcset=\"https:\/\/orientados.co\/wp-content\/uploads\/2026\/03\/image-2-1024x685.png 1024w, https:\/\/orientados.co\/wp-content\/uploads\/2026\/03\/image-2-300x201.png 300w, https:\/\/orientados.co\/wp-content\/uploads\/2026\/03\/image-2-768x514.png 768w, https:\/\/orientados.co\/wp-content\/uploads\/2026\/03\/image-2.png 1069w\" sizes=\"auto, (max-width: 1024px) 100vw, 1024px\" \/><\/figure>\n\n\n\n<p>Desde la corporaci\u00f3n se destac\u00f3 que, adem\u00e1s de analizar y aprobar los proyectos de acuerdo que llegan al recinto, tambi\u00e9n se abren espacios para escuchar y revisar propuestas que nacen desde la comunidad y que pueden articularse con las instituciones para generar impacto en el territorio.<\/p>\n\n\n\n<p>Durante la jornada participaron diferentes actores vinculados a la protecci\u00f3n ambiental y al trabajo comunitario. Entre ellos estuvieron Santiago Londo\u00f1o, Mario Alberto Quijano y Daniela Cardona, quienes expusieron aspectos relacionados con la importancia ambiental y educativa de este humedal.<\/p>\n\n\n\n<p>Asimismo, acompa\u00f1aron el encuentro l\u00edderes comunitarios como M\u00f3nica Garc\u00eda y Germ\u00e1n Guar\u00edn, adem\u00e1s de Luisa Garc\u00eda, quienes resaltaron la necesidad de avanzar en estrategias que permitan conservar este ecosistema.<\/p>\n\n\n\n<p>La propuesta del ecoparque busca convertir el Humedal Abreo Malpaso en un espacio de educaci\u00f3n ambiental, conservaci\u00f3n y apropiaci\u00f3n ciudadana, promoviendo la participaci\u00f3n de la comunidad en la defensa de uno de los pulmones naturales m\u00e1s relevantes del municipio.<\/p>\n\n\n\n<p>El encuentro dej\u00f3 abierta la puerta para continuar revisando la viabilidad del proyecto y consolidar una articulaci\u00f3n entre comunidad e instituciones que permita avanzar en la protecci\u00f3n de este importante patrimonio natural de Rionegro.<\/p>\n","protected":false},"excerpt":{"rendered":"<p>En un espacio de di\u00e1logo entre comunidad, academia e institucionalidad, el Concejo Municipal de Rionegro fue escenario de la socializaci\u00f3n de la iniciativa Ecoparque Ambiental Educativo Humedal Abreo Malpaso, un&hellip; <\/p>\n","protected":false},"author":1,"featured_media":3731,"comment_status":"open","ping_status":"closed","sticky":false,"template":"","format":"standard","meta":{"om_disable_all_campaigns":false,"_mi_skip_tracking":false,"footnotes":""},"categories":[1],"tags":[13,186,60,3],"class_list":["post-3730","post","type-post","status-publish","format-standard","has-post-thumbnail","hentry","category-sin-categoria","tag-antioquia","tag-concejo-de-rionegro","tag-oriente-antioqueno","tag-rionegro"],"_links":{"self":[{"href":"https:\/\/orientados.co\/index.php\/wp-json\/wp\/v2\/posts\/3730","targetHints":{"allow":["GET"]}}],"collection":[{"href":"https:\/\/orientados.co\/index.php\/wp-json\/wp\/v2\/posts"}],"about":[{"href":"https:\/\/orientados.co\/index.php\/wp-json\/wp\/v2\/types\/post"}],"author":[{"embeddable":true,"href":"https:\/\/orientados.co\/index.php\/wp-json\/wp\/v2\/users\/1"}],"replies":[{"embeddable":true,"href":"https:\/\/orientados.co\/index.php\/wp-json\/wp\/v2\/comments?post=3730"}],"version-history":[{"count":1,"href":"https:\/\/orientados.co\/index.php\/wp-json\/wp\/v2\/posts\/3730\/revisions"}],"predecessor-version":[{"id":3734,"href":"https:\/\/orientados.co\/index.php\/wp-json\/wp\/v2\/posts\/3730\/revisions\/3734"}],"wp:featuredmedia":[{"embeddable":true,"href":"https:\/\/orientados.co\/index.php\/wp-json\/wp\/v2\/media\/3731"}],"wp:attachment":[{"href":"https:\/\/orientados.co\/index.php\/wp-json\/wp\/v2\/media?parent=3730"}],"wp:term":[{"taxonomy":"category","embeddable":true,"href":"https:\/\/orientados.co\/index.php\/wp-json\/wp\/v2\/categories?post=3730"},{"taxonomy":"post_tag","embeddable":true,"href":"https:\/\/orientados.co\/index.php\/wp-json\/wp\/v2\/tags?post=3730"}],"curies":[{"name":"wp","href":"https:\/\/api.w.org\/{rel}","templated":true}]}}