{"id":3737,"date":"2026-03-09T16:59:43","date_gmt":"2026-03-09T16:59:43","guid":{"rendered":"https:\/\/orientados.co\/?p=3737"},"modified":"2026-03-16T17:01:28","modified_gmt":"2026-03-16T17:01:28","slug":"nutricer-presento-balance-ante-el-concejo-de-rionegro-sobre-alimentacion-escolar-para-mas-de-17-000-estudiantes","status":"publish","type":"post","link":"https:\/\/orientados.co\/index.php\/2026\/03\/09\/nutricer-presento-balance-ante-el-concejo-de-rionegro-sobre-alimentacion-escolar-para-mas-de-17-000-estudiantes\/","title":{"rendered":"Nutricer present\u00f3 balance ante el Concejo de Rionegro sobre alimentaci\u00f3n escolar para m\u00e1s de 17.000 estudiantes"},"content":{"rendered":"\n<p><\/p>\n\n\n\n<p>En medio del desarrollo del primer periodo de sesiones ordinarias del a\u00f1o, el Concejo de Rionegro contin\u00faa adelantando jornadas de revisi\u00f3n y control pol\u00edtico a las diferentes entidades y empresas que cumplen funciones clave en el municipio.<\/p>\n\n\n\n<p>En esta ocasi\u00f3n, la empresa Nutricer ES SAS present\u00f3 su informe de gesti\u00f3n ante los concejales, con el objetivo de socializar los avances, retos y resultados del programa de alimentaci\u00f3n dirigido a estudiantes de las instituciones educativas del territorio.<\/p>\n\n\n\n<p>Durante la sesi\u00f3n, el gerente de la entidad, Hugo Alberto G\u00f3mez, explic\u00f3 el funcionamiento del programa, resaltando la implementaci\u00f3n de la <strong>servida en caliente de alimentos en los planteles educativos<\/strong>, as\u00ed como la <strong>entrega de paquetes nutricionales a m\u00e1s de 17.000 estudiantes<\/strong> de las zonas urbana y rural del municipio.<\/p>\n\n\n\n<p>El informe permiti\u00f3 a los concejales conocer detalles sobre la operaci\u00f3n del servicio, la cobertura del programa y los procesos log\u00edsticos que se adelantan para garantizar que miles de ni\u00f1os, ni\u00f1as y j\u00f3venes reciban diariamente su complemento alimentario.<\/p>\n\n\n\n<p>Estas sesiones hacen parte del ejercicio de control pol\u00edtico que adelanta el Concejo municipal, con el prop\u00f3sito de hacer seguimiento a la gesti\u00f3n de las entidades y asegurar que los programas destinados a la comunidad se ejecuten de manera eficiente y transparente.<\/p>\n","protected":false},"excerpt":{"rendered":"<p>En medio del desarrollo del primer periodo de sesiones ordinarias del a\u00f1o, el Concejo de Rionegro contin\u00faa adelantando jornadas de revisi\u00f3n y control pol\u00edtico a las diferentes entidades y empresas&hellip; <\/p>\n","protected":false},"author":1,"featured_media":3738,"comment_status":"open","ping_status":"closed","sticky":false,"template":"","format":"standard","meta":{"om_disable_all_campaigns":false,"_mi_skip_tracking":false,"footnotes":""},"categories":[1],"tags":[],"class_list":["post-3737","post","type-post","status-publish","format-standard","has-post-thumbnail","hentry","category-sin-categoria"],"_links":{"self":[{"href":"https:\/\/orientados.co\/index.php\/wp-json\/wp\/v2\/posts\/3737","targetHints":{"allow":["GET"]}}],"collection":[{"href":"https:\/\/orientados.co\/index.php\/wp-json\/wp\/v2\/posts"}],"about":[{"href":"https:\/\/orientados.co\/index.php\/wp-json\/wp\/v2\/types\/post"}],"author":[{"embeddable":true,"href":"https:\/\/orientados.co\/index.php\/wp-json\/wp\/v2\/users\/1"}],"replies":[{"embeddable":true,"href":"https:\/\/orientados.co\/index.php\/wp-json\/wp\/v2\/comments?post=3737"}],"version-history":[{"count":1,"href":"https:\/\/orientados.co\/index.php\/wp-json\/wp\/v2\/posts\/3737\/revisions"}],"predecessor-version":[{"id":3739,"href":"https:\/\/orientados.co\/index.php\/wp-json\/wp\/v2\/posts\/3737\/revisions\/3739"}],"wp:featuredmedia":[{"embeddable":true,"href":"https:\/\/orientados.co\/index.php\/wp-json\/wp\/v2\/media\/3738"}],"wp:attachment":[{"href":"https:\/\/orientados.co\/index.php\/wp-json\/wp\/v2\/media?parent=3737"}],"wp:term":[{"taxonomy":"category","embeddable":true,"href":"https:\/\/orientados.co\/index.php\/wp-json\/wp\/v2\/categories?post=3737"},{"taxonomy":"post_tag","embeddable":true,"href":"https:\/\/orientados.co\/index.php\/wp-json\/wp\/v2\/tags?post=3737"}],"curies":[{"name":"wp","href":"https:\/\/api.w.org\/{rel}","templated":true}]}}