{"id":3740,"date":"2026-03-07T17:07:19","date_gmt":"2026-03-07T17:07:19","guid":{"rendered":"https:\/\/orientados.co\/?p=3740"},"modified":"2026-03-16T17:09:31","modified_gmt":"2026-03-16T17:09:31","slug":"reflexion-sobre-salud-mental-y-reconocimiento-a-liderazgos-femeninos-marcaron-sesion-del-concejo-de-rionegro","status":"publish","type":"post","link":"https:\/\/orientados.co\/index.php\/2026\/03\/07\/reflexion-sobre-salud-mental-y-reconocimiento-a-liderazgos-femeninos-marcaron-sesion-del-concejo-de-rionegro\/","title":{"rendered":"Reflexi\u00f3n sobre salud mental y reconocimiento a liderazgos femeninos marcaron sesi\u00f3n del Concejo de Rionegro"},"content":{"rendered":"\n<p>Una sesi\u00f3n marcada por la reflexi\u00f3n acad\u00e9mica, el di\u00e1logo institucional y los reconocimientos se vivi\u00f3 en el Concejo de Rionegro, donde la agenda estuvo centrada en el impacto que tiene la pol\u00edtica en la salud mental de los habitantes del Oriente Antioque\u00f1o.<\/p>\n\n\n\n<p>Durante la jornada participaron estudiantes del semillero de psicolog\u00eda social y el Grupo de Investigaci\u00f3n GIBPSICOS del programa de Psicolog\u00eda de la Universidad Cat\u00f3lica de Oriente, quienes presentaron una aproximaci\u00f3n acad\u00e9mica al concepto de <strong>Subjetividades Pol\u00edticas<\/strong>, analizando c\u00f3mo las din\u00e1micas pol\u00edticas y sociales influyen en la percepci\u00f3n, emociones y bienestar psicol\u00f3gico de las comunidades de la regi\u00f3n.<\/p>\n\n\n\n<p>El espacio cont\u00f3 adem\u00e1s con la presencia del alcalde de la ciudad, Jorge Rivas Urrea, quien acompa\u00f1\u00f3 el ejercicio acad\u00e9mico y destac\u00f3 la importancia de abrir escenarios institucionales donde la academia, la ciudadan\u00eda y las autoridades puedan dialogar sobre temas que impactan la vida social y democr\u00e1tica del territorio.<\/p>\n\n\n\n<p>En el marco de la sesi\u00f3n, la Mesa Directiva del Concejo tambi\u00e9n realiz\u00f3 un acto especial de reconocimiento a la concejala Lina Mar\u00eda Ciro y a la primera dama del municipio, M\u00f3nica Guti\u00e9rrez, resaltando su liderazgo en los procesos de <strong>empoderamiento femenino y su trabajo en la defensa de los derechos de las mujeres rionegreras<\/strong>.<\/p>\n\n\n\n<p>El encuentro dej\u00f3 como conclusi\u00f3n la necesidad de seguir fortaleciendo los espacios de formaci\u00f3n, investigaci\u00f3n y participaci\u00f3n ciudadana que permitan comprender c\u00f3mo las decisiones p\u00fablicas, los discursos pol\u00edticos y la participaci\u00f3n democr\u00e1tica inciden en la salud mental y en la construcci\u00f3n de ciudadan\u00eda en el Oriente antioque\u00f1o.<\/p>\n","protected":false},"excerpt":{"rendered":"<p>Una sesi\u00f3n marcada por la reflexi\u00f3n acad\u00e9mica, el di\u00e1logo institucional y los reconocimientos se vivi\u00f3 en el Concejo de Rionegro, donde la agenda estuvo centrada en el impacto que tiene&hellip; <\/p>\n","protected":false},"author":1,"featured_media":3742,"comment_status":"open","ping_status":"closed","sticky":false,"template":"","format":"standard","meta":{"om_disable_all_campaigns":false,"_mi_skip_tracking":false,"footnotes":""},"categories":[1],"tags":[],"class_list":["post-3740","post","type-post","status-publish","format-standard","has-post-thumbnail","hentry","category-sin-categoria"],"_links":{"self":[{"href":"https:\/\/orientados.co\/index.php\/wp-json\/wp\/v2\/posts\/3740","targetHints":{"allow":["GET"]}}],"collection":[{"href":"https:\/\/orientados.co\/index.php\/wp-json\/wp\/v2\/posts"}],"about":[{"href":"https:\/\/orientados.co\/index.php\/wp-json\/wp\/v2\/types\/post"}],"author":[{"embeddable":true,"href":"https:\/\/orientados.co\/index.php\/wp-json\/wp\/v2\/users\/1"}],"replies":[{"embeddable":true,"href":"https:\/\/orientados.co\/index.php\/wp-json\/wp\/v2\/comments?post=3740"}],"version-history":[{"count":1,"href":"https:\/\/orientados.co\/index.php\/wp-json\/wp\/v2\/posts\/3740\/revisions"}],"predecessor-version":[{"id":3743,"href":"https:\/\/orientados.co\/index.php\/wp-json\/wp\/v2\/posts\/3740\/revisions\/3743"}],"wp:featuredmedia":[{"embeddable":true,"href":"https:\/\/orientados.co\/index.php\/wp-json\/wp\/v2\/media\/3742"}],"wp:attachment":[{"href":"https:\/\/orientados.co\/index.php\/wp-json\/wp\/v2\/media?parent=3740"}],"wp:term":[{"taxonomy":"category","embeddable":true,"href":"https:\/\/orientados.co\/index.php\/wp-json\/wp\/v2\/categories?post=3740"},{"taxonomy":"post_tag","embeddable":true,"href":"https:\/\/orientados.co\/index.php\/wp-json\/wp\/v2\/tags?post=3740"}],"curies":[{"name":"wp","href":"https:\/\/api.w.org\/{rel}","templated":true}]}}