{"id":3758,"date":"2026-03-06T22:07:49","date_gmt":"2026-03-06T22:07:49","guid":{"rendered":"https:\/\/orientados.co\/?p=3758"},"modified":"2026-03-16T22:08:44","modified_gmt":"2026-03-16T22:08:44","slug":"autoridades-en-marinilla-coordinan-medidas-para-garantizar-una-jornada-electoral-transparente-y-segura","status":"publish","type":"post","link":"https:\/\/orientados.co\/index.php\/2026\/03\/06\/autoridades-en-marinilla-coordinan-medidas-para-garantizar-una-jornada-electoral-transparente-y-segura\/","title":{"rendered":"Autoridades en Marinilla coordinan medidas para garantizar una jornada electoral transparente y segura"},"content":{"rendered":"\n<p><\/p>\n\n\n\n<p>El municipio de Marinilla avanza en los preparativos para garantizar el normal desarrollo de la jornada electoral de este domingo, en el marco de las elecciones legislativas de Colombia, en las que los ciudadanos elegir\u00e1n a los integrantes del Senado de la Rep\u00fablica y la C\u00e1mara de Representantes para el periodo 2026\u20132030.<\/p>\n\n\n\n<p>Para este proceso democr\u00e1tico, en el municipio estar\u00e1n habilitados 8 puestos de votaci\u00f3n y 159 mesas, en las que podr\u00e1n ejercer su derecho al voto 51.760 ciudadanos que hacen parte del censo electoral.<\/p>\n\n\n\n<p>Con el objetivo de asegurar una jornada tranquila, transparente y con todas las garant\u00edas para la ciudadan\u00eda, la Administraci\u00f3n Municipal ha adelantado diferentes acciones de articulaci\u00f3n institucional con la Registradur\u00eda Nacional del Estado Civil, la Personer\u00eda Municipal, los organismos de control y las autoridades de seguridad.<\/p>\n\n\n\n<p>En este contexto, se han desarrollado comit\u00e9s de seguimiento electoral, espacios en los que se han definido medidas log\u00edsticas, operativas y de seguridad para el adecuado desarrollo del proceso democr\u00e1tico en el municipio.<\/p>\n\n\n\n<p>De igual manera, se ha dispuesto un plan de acompa\u00f1amiento por parte de la fuerza p\u00fablica, en articulaci\u00f3n con la Polic\u00eda Nacional de Colombia y dem\u00e1s autoridades competentes, con el fin de garantizar el orden p\u00fablico, la tranquilidad de los votantes y el normal desarrollo de la jornada en cada uno de los puestos de votaci\u00f3n.<\/p>\n\n\n\n<p>Finalmente, la Administraci\u00f3n Municipal reiter\u00f3 su compromiso con el fortalecimiento de la democracia e hizo un llamado a todos los ciudadanos para que participen activamente en esta jornada electoral, ejerciendo su derecho al voto de manera libre, responsable y respetuosa.<\/p>\n\n\n\n<p><\/p>\n","protected":false},"excerpt":{"rendered":"<p>El municipio de Marinilla avanza en los preparativos para garantizar el normal desarrollo de la jornada electoral de este domingo, en el marco de las elecciones legislativas de Colombia, en&hellip; <\/p>\n","protected":false},"author":1,"featured_media":3760,"comment_status":"open","ping_status":"closed","sticky":false,"template":"","format":"standard","meta":{"om_disable_all_campaigns":false,"_mi_skip_tracking":false,"footnotes":""},"categories":[1],"tags":[],"class_list":["post-3758","post","type-post","status-publish","format-standard","has-post-thumbnail","hentry","category-sin-categoria"],"_links":{"self":[{"href":"https:\/\/orientados.co\/index.php\/wp-json\/wp\/v2\/posts\/3758","targetHints":{"allow":["GET"]}}],"collection":[{"href":"https:\/\/orientados.co\/index.php\/wp-json\/wp\/v2\/posts"}],"about":[{"href":"https:\/\/orientados.co\/index.php\/wp-json\/wp\/v2\/types\/post"}],"author":[{"embeddable":true,"href":"https:\/\/orientados.co\/index.php\/wp-json\/wp\/v2\/users\/1"}],"replies":[{"embeddable":true,"href":"https:\/\/orientados.co\/index.php\/wp-json\/wp\/v2\/comments?post=3758"}],"version-history":[{"count":1,"href":"https:\/\/orientados.co\/index.php\/wp-json\/wp\/v2\/posts\/3758\/revisions"}],"predecessor-version":[{"id":3761,"href":"https:\/\/orientados.co\/index.php\/wp-json\/wp\/v2\/posts\/3758\/revisions\/3761"}],"wp:featuredmedia":[{"embeddable":true,"href":"https:\/\/orientados.co\/index.php\/wp-json\/wp\/v2\/media\/3760"}],"wp:attachment":[{"href":"https:\/\/orientados.co\/index.php\/wp-json\/wp\/v2\/media?parent=3758"}],"wp:term":[{"taxonomy":"category","embeddable":true,"href":"https:\/\/orientados.co\/index.php\/wp-json\/wp\/v2\/categories?post=3758"},{"taxonomy":"post_tag","embeddable":true,"href":"https:\/\/orientados.co\/index.php\/wp-json\/wp\/v2\/tags?post=3758"}],"curies":[{"name":"wp","href":"https:\/\/api.w.org\/{rel}","templated":true}]}}